{"id":11114,"date":"2026-09-01T18:54:37","date_gmt":"2026-09-01T21:54:37","guid":{"rendered":"https:\/\/javiu.blog\/?p=54616"},"modified":"2026-09-01T18:54:37","modified_gmt":"2026-09-01T21:54:37","slug":"244-2026-the-theft-of-the-caravaggio","status":"publish","type":"post","link":"http:\/\/geminisufscar.com.br\/grupo\/2026\/09\/01\/244-2026-the-theft-of-the-caravaggio\/","title":{"rendered":"244\/2026 THE THEFT OF THE CARAVAGGIO"},"content":{"rendered":"<p class=\"wp-block-paragraph\">As ruas hist\u00f3ricas de Valletta, em Malta, comp\u00f5em um cen\u00e1rio deslumbrante que respira mist\u00e9rio, mas nem mesmo a imponente arquitetura europeia salva <em>The Theft of the Caravaggio<\/em> de ser uma experi\u00eancia cinematogr\u00e1fica frustrante. <\/p>\n<p class=\"wp-block-paragraph\">Dirigido por Joshua Cassar Gaspar e vagamente inspirado no roubo real de uma obra do pintor italiano ocorrido em 1984, o filme tinha a faca e o queijo na m\u00e3o para ser um <em>thriller<\/em> memor\u00e1vel. Infelizmente, a verdade \u00e9 que a execu\u00e7\u00e3o n\u00e3o \u00e9 t\u00e3o boa assim, e o longa acaba trope\u00e7ando em suas pr\u00f3prias ambi\u00e7\u00f5es.<\/p>\n<p class=\"wp-block-paragraph\">Filmado em gloriosa pel\u00edcula de 35mm, o filme \u00e9 inegavelmente um banquete para os olhos. A fotografia captura com riqueza de texturas a Catedral de S\u00e3o Jo\u00e3o, onde a hist\u00f3ria toma forma. Acompanhamos Orpheus (Paul Kissaun), um zelador do local que acorda para descobrir que uma tela inestim\u00e1vel de Caravaggio desapareceu sob sua vigia, tornando-o o suspeito n\u00famero um da pol\u00edcia e da igreja. O grande problema \u00e9 que, exatamente no momento em que voc\u00ea espera que a tens\u00e3o investigativa acelere o passo, a dire\u00e7\u00e3o de Gaspar pisa no freio, entregando uma marcha lenta que beira o marasmo.<\/p>\n<p class=\"wp-block-paragraph\">Com a ajuda de uma detetive que vem de fora (Elektra Anastasi) e os olhares atentos do clero, o cerco deveria se fechar com urg\u00eancia. No entanto, o roteiro demonstra estar muito mais interessado na jornada emocional de culpa e no drama existencial do protagonista do que na engrenagem \u00e1gil de um filme de roubo. A falta de ritmo drena a vitalidade do mist\u00e9rio, deixando o espectador admirando as loca\u00e7\u00f5es ao fundo enquanto verifica mentalmente quanto tempo falta para o desfecho.<\/p>\n<p class=\"wp-block-paragraph\">E chega uma hora que nem as ruas de Malta, nem os pr\u00e9dios hist\u00f3ricos s\u00e3o suficientes para nos fazer admirar um filme sem estofo, mal dirigido e com um elenco que parece sa\u00eddo de um curso frustrado de &#8220;diretor da Globo&#8221; que promete e n\u00e3o cumpre. Ou um epis\u00f3dio de Voc\u00ea Decide produzido em meia hora com 300 reais de or\u00e7amento para ser exibido no meio de programa dominical sem gra\u00e7a.<\/p>\n<p class=\"wp-block-paragraph\">Em <em>The Theft of the Caravaggio<\/em> o elenco local se esfor\u00e7a bastante e a premissa de um crime real envolvendo um mestre da pintura tem um charme indiscut\u00edvel. Contudo, \u00e9 o t\u00edpico caso de um filme com uma embalagem bonitinha para um conte\u00fado gen\u00e9rico.<\/p>\n<p class=\"wp-block-paragraph\">NOTA: <img decoding=\"async\" src=\"https:\/\/s.w.org\/images\/core\/emoji\/17.0.2\/72x72\/1f3ac.png\" alt=\"\ud83c\udfac\" class=\"wp-smiley\" style=\"height: 1em;max-height: 1em\" \/><img decoding=\"async\" src=\"https:\/\/s.w.org\/images\/core\/emoji\/17.0.2\/72x72\/1f3ac.png\" alt=\"\ud83c\udfac\" class=\"wp-smiley\" style=\"height: 1em;max-height: 1em\" \/>1\/2<\/p>\n<figure class=\"wp-block-embed is-type-video is-provider-youtube wp-block-embed-youtube wp-embed-aspect-16-9 wp-has-aspect-ratio\">\n<div class=\"wp-block-embed__wrapper\">\n<\/div>\n<\/figure>\n<p> <a href=\"https:\/\/javiu.blog\/2026\/09\/01\/244-2026-the-theft-of-the-caravaggio\/\">Publica\u00e7\u00e3o Original<\/a><\/p>\n","protected":false},"excerpt":{"rendered":"<p>As ruas hist\u00f3ricas de Valletta, em Malta, comp\u00f5em um cen\u00e1rio deslumbrante que respira mist\u00e9rio, mas nem mesmo a imponente arquitetura europeia salva The Theft of the Caravaggio de ser uma experi\u00eancia cinematogr\u00e1fica frustrante. Dirigido por Joshua Cassar Gaspar e vagamente inspirado no roubo real de uma obra do pintor italiano ocorrido em 1984, o filme&hellip;<\/p>\n","protected":false},"author":6,"featured_media":0,"comment_status":"open","ping_status":"closed","sticky":false,"template":"","format":"standard","meta":{"_bbp_topic_count":0,"_bbp_reply_count":0,"_bbp_total_topic_count":0,"_bbp_total_reply_count":0,"_bbp_voice_count":0,"_bbp_anonymous_reply_count":0,"_bbp_topic_count_hidden":0,"_bbp_reply_count_hidden":0,"_bbp_forum_subforum_count":0,"_exactmetrics_skip_tracking":false,"_jetpack_newsletter_access":"","_jetpack_dont_email_post_to_subs":false,"_jetpack_newsletter_tier_id":0,"_jetpack_memberships_contains_paywalled_content":false,"_jetpack_feature_clip_id":0,"_jetpack_memberships_contains_paid_content":false,"footnotes":"","jetpack_post_was_ever_published":false},"categories":[4,6],"tags":[2255,13175,14530,14531,5707,14532,14533,14534,14535,14536,618,693],"class_list":["post-11114","post","type-post","status-publish","format-standard","hentry","category-blog","category-criticas-e-ensaios","tag-1filmepordia","tag-javiu","tag-elektra-anastasi","tag-joshua-cassar-gaspar","tag-malta","tag-narcy-calamatta","tag-paul-kissaun","tag-peter-galea","tag-robert-grose","tag-the-theft-of-the-caravaggio","tag-thriller","tag-1-2","category-4","category-6","description-off"],"yoast_head":"<!-- This site is optimized with the Yoast SEO plugin v28.2 - https:\/\/yoast.com\/product\/yoast-seo-wordpress\/ -->\n<title>244\/2026 THE THEFT OF THE CARAVAGGIO - GEMInIS UFSCar<\/title>\n<meta name=\"robots\" content=\"index, follow, max-snippet:-1, max-image-preview:large, max-video-preview:-1\" \/>\n<link rel=\"canonical\" href=\"https:\/\/geminisufscar.com.br\/grupo\/2026\/09\/01\/244-2026-the-theft-of-the-caravaggio\/\" \/>\n<meta property=\"og:locale\" content=\"pt_BR\" \/>\n<meta property=\"og:type\" content=\"article\" \/>\n<meta property=\"og:title\" content=\"244\/2026 THE THEFT OF THE CARAVAGGIO - GEMInIS UFSCar\" \/>\n<meta property=\"og:description\" content=\"As ruas hist\u00f3ricas de Valletta, em Malta, comp\u00f5em um cen\u00e1rio deslumbrante que respira mist\u00e9rio, mas nem mesmo a imponente arquitetura europeia salva The Theft of the Caravaggio de ser uma experi\u00eancia cinematogr\u00e1fica frustrante. Dirigido por Joshua Cassar Gaspar e vagamente inspirado no roubo real de uma obra do pintor italiano ocorrido em 1984, o filme&hellip;\" \/>\n<meta property=\"og:url\" content=\"https:\/\/geminisufscar.com.br\/grupo\/2026\/09\/01\/244-2026-the-theft-of-the-caravaggio\/\" \/>\n<meta property=\"og:site_name\" content=\"GEMInIS UFSCar\" \/>\n<meta property=\"article:published_time\" content=\"2026-09-01T21:54:37+00:00\" \/>\n<meta property=\"og:image\" content=\"https:\/\/s.w.org\/images\/core\/emoji\/17.0.2\/72x72\/1f3ac.png\" \/>\n<meta name=\"twitter:card\" content=\"summary_large_image\" \/>\n<meta name=\"twitter:label1\" content=\"Escrito por\" \/>\n\t<meta name=\"twitter:data1\" content=\"\" \/>\n\t<meta name=\"twitter:label2\" content=\"Est. tempo de leitura\" \/>\n\t<meta name=\"twitter:data2\" content=\"2 minutos\" \/>\n<script type=\"application\/ld+json\" class=\"yoast-schema-graph\">{\"@context\":\"https:\\\/\\\/schema.org\",\"@graph\":[{\"@type\":\"Article\",\"@id\":\"https:\\\/\\\/geminisufscar.com.br\\\/grupo\\\/2026\\\/09\\\/01\\\/244-2026-the-theft-of-the-caravaggio\\\/#article\",\"isPartOf\":{\"@id\":\"https:\\\/\\\/geminisufscar.com.br\\\/grupo\\\/2026\\\/09\\\/01\\\/244-2026-the-theft-of-the-caravaggio\\\/\"},\"author\":{\"name\":\"\",\"@id\":\"\"},\"headline\":\"244\\\/2026 THE THEFT OF THE CARAVAGGIO\",\"datePublished\":\"2026-09-01T21:54:37+00:00\",\"mainEntityOfPage\":{\"@id\":\"https:\\\/\\\/geminisufscar.com.br\\\/grupo\\\/2026\\\/09\\\/01\\\/244-2026-the-theft-of-the-caravaggio\\\/\"},\"wordCount\":424,\"commentCount\":0,\"image\":{\"@id\":\"https:\\\/\\\/geminisufscar.com.br\\\/grupo\\\/2026\\\/09\\\/01\\\/244-2026-the-theft-of-the-caravaggio\\\/#primaryimage\"},\"thumbnailUrl\":\"https:\\\/\\\/s.w.org\\\/images\\\/core\\\/emoji\\\/17.0.2\\\/72x72\\\/1f3ac.png\",\"keywords\":[\"#1filmepordia\",\"#javiu\",\"Elektra Anastasi\",\"Joshua Cassar Gaspar\",\"Malta\",\"Narcy Calamatta\",\"Paul Kissaun\",\"Peter Galea\",\"Robert Grose\",\"THE THEFT OF THE CARAVAGGIO\",\"thriller\",\"\ud83c\udfac\ud83c\udfac1\\\/2\"],\"articleSection\":[\"Blog\",\"Cr\u00edticas e Ensaios\"],\"inLanguage\":\"pt-BR\",\"potentialAction\":[{\"@type\":\"CommentAction\",\"name\":\"Comment\",\"target\":[\"https:\\\/\\\/geminisufscar.com.br\\\/grupo\\\/2026\\\/09\\\/01\\\/244-2026-the-theft-of-the-caravaggio\\\/#respond\"]}]},{\"@type\":\"WebPage\",\"@id\":\"https:\\\/\\\/geminisufscar.com.br\\\/grupo\\\/2026\\\/09\\\/01\\\/244-2026-the-theft-of-the-caravaggio\\\/\",\"url\":\"https:\\\/\\\/geminisufscar.com.br\\\/grupo\\\/2026\\\/09\\\/01\\\/244-2026-the-theft-of-the-caravaggio\\\/\",\"name\":\"244\\\/2026 THE THEFT OF THE CARAVAGGIO - GEMInIS UFSCar\",\"isPartOf\":{\"@id\":\"https:\\\/\\\/geminisufscar.com.br\\\/grupo\\\/#website\"},\"primaryImageOfPage\":{\"@id\":\"https:\\\/\\\/geminisufscar.com.br\\\/grupo\\\/2026\\\/09\\\/01\\\/244-2026-the-theft-of-the-caravaggio\\\/#primaryimage\"},\"image\":{\"@id\":\"https:\\\/\\\/geminisufscar.com.br\\\/grupo\\\/2026\\\/09\\\/01\\\/244-2026-the-theft-of-the-caravaggio\\\/#primaryimage\"},\"thumbnailUrl\":\"https:\\\/\\\/s.w.org\\\/images\\\/core\\\/emoji\\\/17.0.2\\\/72x72\\\/1f3ac.png\",\"datePublished\":\"2026-09-01T21:54:37+00:00\",\"author\":{\"@id\":\"\"},\"breadcrumb\":{\"@id\":\"https:\\\/\\\/geminisufscar.com.br\\\/grupo\\\/2026\\\/09\\\/01\\\/244-2026-the-theft-of-the-caravaggio\\\/#breadcrumb\"},\"inLanguage\":\"pt-BR\",\"potentialAction\":[{\"@type\":\"ReadAction\",\"target\":[\"https:\\\/\\\/geminisufscar.com.br\\\/grupo\\\/2026\\\/09\\\/01\\\/244-2026-the-theft-of-the-caravaggio\\\/\"]}]},{\"@type\":\"ImageObject\",\"inLanguage\":\"pt-BR\",\"@id\":\"https:\\\/\\\/geminisufscar.com.br\\\/grupo\\\/2026\\\/09\\\/01\\\/244-2026-the-theft-of-the-caravaggio\\\/#primaryimage\",\"url\":\"https:\\\/\\\/s.w.org\\\/images\\\/core\\\/emoji\\\/17.0.2\\\/72x72\\\/1f3ac.png\",\"contentUrl\":\"https:\\\/\\\/s.w.org\\\/images\\\/core\\\/emoji\\\/17.0.2\\\/72x72\\\/1f3ac.png\"},{\"@type\":\"BreadcrumbList\",\"@id\":\"https:\\\/\\\/geminisufscar.com.br\\\/grupo\\\/2026\\\/09\\\/01\\\/244-2026-the-theft-of-the-caravaggio\\\/#breadcrumb\",\"itemListElement\":[{\"@type\":\"ListItem\",\"position\":1,\"name\":\"In\u00edcio\",\"item\":\"https:\\\/\\\/geminisufscar.com.br\\\/grupo\\\/\"},{\"@type\":\"ListItem\",\"position\":2,\"name\":\"244\\\/2026 THE THEFT OF THE CARAVAGGIO\"}]},{\"@type\":\"WebSite\",\"@id\":\"https:\\\/\\\/geminisufscar.com.br\\\/grupo\\\/#website\",\"url\":\"https:\\\/\\\/geminisufscar.com.br\\\/grupo\\\/\",\"name\":\"GEMInIS UFSCar\",\"description\":\"Grupo de Estudos sobre M\u00eddias Interativas em Imagem e Som\",\"potentialAction\":[{\"@type\":\"SearchAction\",\"target\":{\"@type\":\"EntryPoint\",\"urlTemplate\":\"https:\\\/\\\/geminisufscar.com.br\\\/grupo\\\/?s={search_term_string}\"},\"query-input\":{\"@type\":\"PropertyValueSpecification\",\"valueRequired\":true,\"valueName\":\"search_term_string\"}}],\"inLanguage\":\"pt-BR\"},{\"@type\":\"Person\",\"@id\":\"\",\"url\":\"http:\\\/\\\/geminisufscar.com.br\\\/grupo\\\/author\\\/\"}]}<\/script>\n<!-- \/ Yoast SEO plugin. -->","yoast_head_json":{"title":"244\/2026 THE THEFT OF THE CARAVAGGIO - GEMInIS UFSCar","robots":{"index":"index","follow":"follow","max-snippet":"max-snippet:-1","max-image-preview":"max-image-preview:large","max-video-preview":"max-video-preview:-1"},"canonical":"https:\/\/geminisufscar.com.br\/grupo\/2026\/09\/01\/244-2026-the-theft-of-the-caravaggio\/","og_locale":"pt_BR","og_type":"article","og_title":"244\/2026 THE THEFT OF THE CARAVAGGIO - GEMInIS UFSCar","og_description":"As ruas hist\u00f3ricas de Valletta, em Malta, comp\u00f5em um cen\u00e1rio deslumbrante que respira mist\u00e9rio, mas nem mesmo a imponente arquitetura europeia salva The Theft of the Caravaggio de ser uma experi\u00eancia cinematogr\u00e1fica frustrante. Dirigido por Joshua Cassar Gaspar e vagamente inspirado no roubo real de uma obra do pintor italiano ocorrido em 1984, o filme&hellip;","og_url":"https:\/\/geminisufscar.com.br\/grupo\/2026\/09\/01\/244-2026-the-theft-of-the-caravaggio\/","og_site_name":"GEMInIS UFSCar","article_published_time":"2026-09-01T21:54:37+00:00","og_image":[{"url":"https:\/\/s.w.org\/images\/core\/emoji\/17.0.2\/72x72\/1f3ac.png","type":"","width":"","height":""}],"twitter_card":"summary_large_image","twitter_misc":{"Escrito por":"","Est. tempo de leitura":"2 minutos"},"schema":{"@context":"https:\/\/schema.org","@graph":[{"@type":"Article","@id":"https:\/\/geminisufscar.com.br\/grupo\/2026\/09\/01\/244-2026-the-theft-of-the-caravaggio\/#article","isPartOf":{"@id":"https:\/\/geminisufscar.com.br\/grupo\/2026\/09\/01\/244-2026-the-theft-of-the-caravaggio\/"},"author":{"name":"","@id":""},"headline":"244\/2026 THE THEFT OF THE CARAVAGGIO","datePublished":"2026-09-01T21:54:37+00:00","mainEntityOfPage":{"@id":"https:\/\/geminisufscar.com.br\/grupo\/2026\/09\/01\/244-2026-the-theft-of-the-caravaggio\/"},"wordCount":424,"commentCount":0,"image":{"@id":"https:\/\/geminisufscar.com.br\/grupo\/2026\/09\/01\/244-2026-the-theft-of-the-caravaggio\/#primaryimage"},"thumbnailUrl":"https:\/\/s.w.org\/images\/core\/emoji\/17.0.2\/72x72\/1f3ac.png","keywords":["#1filmepordia","#javiu","Elektra Anastasi","Joshua Cassar Gaspar","Malta","Narcy Calamatta","Paul Kissaun","Peter Galea","Robert Grose","THE THEFT OF THE CARAVAGGIO","thriller","\ud83c\udfac\ud83c\udfac1\/2"],"articleSection":["Blog","Cr\u00edticas e Ensaios"],"inLanguage":"pt-BR","potentialAction":[{"@type":"CommentAction","name":"Comment","target":["https:\/\/geminisufscar.com.br\/grupo\/2026\/09\/01\/244-2026-the-theft-of-the-caravaggio\/#respond"]}]},{"@type":"WebPage","@id":"https:\/\/geminisufscar.com.br\/grupo\/2026\/09\/01\/244-2026-the-theft-of-the-caravaggio\/","url":"https:\/\/geminisufscar.com.br\/grupo\/2026\/09\/01\/244-2026-the-theft-of-the-caravaggio\/","name":"244\/2026 THE THEFT OF THE CARAVAGGIO - GEMInIS UFSCar","isPartOf":{"@id":"https:\/\/geminisufscar.com.br\/grupo\/#website"},"primaryImageOfPage":{"@id":"https:\/\/geminisufscar.com.br\/grupo\/2026\/09\/01\/244-2026-the-theft-of-the-caravaggio\/#primaryimage"},"image":{"@id":"https:\/\/geminisufscar.com.br\/grupo\/2026\/09\/01\/244-2026-the-theft-of-the-caravaggio\/#primaryimage"},"thumbnailUrl":"https:\/\/s.w.org\/images\/core\/emoji\/17.0.2\/72x72\/1f3ac.png","datePublished":"2026-09-01T21:54:37+00:00","author":{"@id":""},"breadcrumb":{"@id":"https:\/\/geminisufscar.com.br\/grupo\/2026\/09\/01\/244-2026-the-theft-of-the-caravaggio\/#breadcrumb"},"inLanguage":"pt-BR","potentialAction":[{"@type":"ReadAction","target":["https:\/\/geminisufscar.com.br\/grupo\/2026\/09\/01\/244-2026-the-theft-of-the-caravaggio\/"]}]},{"@type":"ImageObject","inLanguage":"pt-BR","@id":"https:\/\/geminisufscar.com.br\/grupo\/2026\/09\/01\/244-2026-the-theft-of-the-caravaggio\/#primaryimage","url":"https:\/\/s.w.org\/images\/core\/emoji\/17.0.2\/72x72\/1f3ac.png","contentUrl":"https:\/\/s.w.org\/images\/core\/emoji\/17.0.2\/72x72\/1f3ac.png"},{"@type":"BreadcrumbList","@id":"https:\/\/geminisufscar.com.br\/grupo\/2026\/09\/01\/244-2026-the-theft-of-the-caravaggio\/#breadcrumb","itemListElement":[{"@type":"ListItem","position":1,"name":"In\u00edcio","item":"https:\/\/geminisufscar.com.br\/grupo\/"},{"@type":"ListItem","position":2,"name":"244\/2026 THE THEFT OF THE CARAVAGGIO"}]},{"@type":"WebSite","@id":"https:\/\/geminisufscar.com.br\/grupo\/#website","url":"https:\/\/geminisufscar.com.br\/grupo\/","name":"GEMInIS UFSCar","description":"Grupo de Estudos sobre M\u00eddias Interativas em Imagem e Som","potentialAction":[{"@type":"SearchAction","target":{"@type":"EntryPoint","urlTemplate":"https:\/\/geminisufscar.com.br\/grupo\/?s={search_term_string}"},"query-input":{"@type":"PropertyValueSpecification","valueRequired":true,"valueName":"search_term_string"}}],"inLanguage":"pt-BR"},{"@type":"Person","@id":"","url":"http:\/\/geminisufscar.com.br\/grupo\/author\/"}]}},"jetpack_sharing_enabled":true,"jetpack_featured_media_url":"","_links":{"self":[{"href":"http:\/\/geminisufscar.com.br\/grupo\/wp-json\/wp\/v2\/posts\/11114","targetHints":{"allow":["GET"]}}],"collection":[{"href":"http:\/\/geminisufscar.com.br\/grupo\/wp-json\/wp\/v2\/posts"}],"about":[{"href":"http:\/\/geminisufscar.com.br\/grupo\/wp-json\/wp\/v2\/types\/post"}],"author":[{"embeddable":true,"href":"http:\/\/geminisufscar.com.br\/grupo\/wp-json\/wp\/v2\/users\/6"}],"replies":[{"embeddable":true,"href":"http:\/\/geminisufscar.com.br\/grupo\/wp-json\/wp\/v2\/comments?post=11114"}],"version-history":[{"count":0,"href":"http:\/\/geminisufscar.com.br\/grupo\/wp-json\/wp\/v2\/posts\/11114\/revisions"}],"wp:attachment":[{"href":"http:\/\/geminisufscar.com.br\/grupo\/wp-json\/wp\/v2\/media?parent=11114"}],"wp:term":[{"taxonomy":"category","embeddable":true,"href":"http:\/\/geminisufscar.com.br\/grupo\/wp-json\/wp\/v2\/categories?post=11114"},{"taxonomy":"post_tag","embeddable":true,"href":"http:\/\/geminisufscar.com.br\/grupo\/wp-json\/wp\/v2\/tags?post=11114"}],"curies":[{"name":"wp","href":"https:\/\/api.w.org\/{rel}","templated":true}]}}