{"id":11113,"date":"2026-08-31T22:37:00","date_gmt":"2026-09-01T01:37:00","guid":{"rendered":"https:\/\/javiu.blog\/?p=54924"},"modified":"2026-08-31T22:37:00","modified_gmt":"2026-09-01T01:37:00","slug":"243-2026-il-maestro","status":"publish","type":"post","link":"http:\/\/geminisufscar.com.br\/grupo\/2026\/08\/31\/243-2026-il-maestro\/","title":{"rendered":"243\/2026 IL MAESTRO"},"content":{"rendered":"<p class=\"wp-block-paragraph\">O cinema italiano tem um dom especial para capturar a ess\u00eancia das rela\u00e7\u00f5es humanas sob a luz quente do Mediterr\u00e2neo, e <em>Il Maestro<\/em> \u00e9 um bel\u00edssimo exemplar dessa tradi\u00e7\u00e3o. <\/p>\n<p class=\"wp-block-paragraph\">Lan\u00e7ado no Festival de Veneza, a trama nos apresenta Felice, um garoto de 13 anos que \u00e9 um verdadeiro prod\u00edgio do t\u00eanis, mas que carrega nos ombros o peso esmagador das cobran\u00e7as r\u00edgidas de seu pai. A press\u00e3o constante pela perfei\u00e7\u00e3o amea\u00e7a n\u00e3o apenas o seu desempenho nos saques e voleios, mas a viv\u00eancia da sua pr\u00f3pria juventude.<\/p>\n<p class=\"wp-block-paragraph\">A din\u00e2mica da hist\u00f3ria ganha um novo f\u00f4lego com a chegada de Raul &#8220;o Gato&#8221; Gatti, interpretado pelo sempre magn\u00e9tico <a href=\"https:\/\/javiu.blog\/2022\/11\/14\/318-2022-nostalgia\/\" data-type=\"post\" data-id=\"35634\">Pierfrancesco Favino<\/a>. Como um ex-campe\u00e3o imprevis\u00edvel, bo\u00eamio e extremamente carism\u00e1tico, Raul \u00e9 o oposto exato da figura paterna sufocante de Felice. Ele assume o papel de treinador do garoto, e os dois embarcam em uma jornada fascinante por torneios ao longo da deslumbrante costa italiana.<\/p>\n<p class=\"wp-block-paragraph\">O grande triunfo de <em>Il Maestro<\/em> \u00e9 que ele n\u00e3o se contenta em ser apenas um filme sobre supera\u00e7\u00e3o esportiva. Trata-se, na verdade, de uma hist\u00f3ria de duplo crescimento. Se Raul ensina a Felice como encontrar a pr\u00f3pria paix\u00e3o e leveza dentro e fora das linhas da quadra, o olhar focado do adolescente tamb\u00e9m obriga o veterano a confrontar seus pr\u00f3prios fantasmas e a redescobrir o sentido de responsabilidade. \u00c9 um jogo de espelhos onde mestre e aprendiz trocam de lugar constantemente.<\/p>\n<p class=\"wp-block-paragraph\">Com uma dire\u00e7\u00e3o sens\u00edvel de Andrea Di Stefano, e cen\u00e1rios bel\u00edssimos, o filme aborda as paix\u00f5es e a dor do amadurecimento com muita ternura. <\/p>\n<p class=\"wp-block-paragraph\">\u00c9 uma obra otimista, que nos faz lembrar da import\u00e2ncia de acreditar que, mesmo ap\u00f3s as derrotas mais duras, tudo pode dar certo no final. Uma jornada que aquece o cora\u00e7\u00e3o.<\/p>\n<p class=\"wp-block-paragraph\">NOTA: <img decoding=\"async\" src=\"https:\/\/s.w.org\/images\/core\/emoji\/17.0.2\/72x72\/1f3ac.png\" alt=\"\ud83c\udfac\" class=\"wp-smiley\" style=\"height: 1em;max-height: 1em\" \/><img decoding=\"async\" src=\"https:\/\/s.w.org\/images\/core\/emoji\/17.0.2\/72x72\/1f3ac.png\" alt=\"\ud83c\udfac\" class=\"wp-smiley\" style=\"height: 1em;max-height: 1em\" \/><img decoding=\"async\" src=\"https:\/\/s.w.org\/images\/core\/emoji\/17.0.2\/72x72\/1f3ac.png\" alt=\"\ud83c\udfac\" class=\"wp-smiley\" style=\"height: 1em;max-height: 1em\" \/><img decoding=\"async\" src=\"https:\/\/s.w.org\/images\/core\/emoji\/17.0.2\/72x72\/1f3ac.png\" alt=\"\ud83c\udfac\" class=\"wp-smiley\" style=\"height: 1em;max-height: 1em\" \/><\/p>\n<figure class=\"wp-block-embed is-type-video is-provider-youtube wp-block-embed-youtube wp-embed-aspect-16-9 wp-has-aspect-ratio\">\n<div class=\"wp-block-embed__wrapper\">\n<\/div>\n<\/figure>\n<p> <a href=\"https:\/\/javiu.blog\/2026\/08\/31\/243-2026-il-maestro\/\">Publica\u00e7\u00e3o Original<\/a><\/p>\n","protected":false},"excerpt":{"rendered":"<p>O cinema italiano tem um dom especial para capturar a ess\u00eancia das rela\u00e7\u00f5es humanas sob a luz quente do Mediterr\u00e2neo, e Il Maestro \u00e9 um bel\u00edssimo exemplar dessa tradi\u00e7\u00e3o. Lan\u00e7ado no Festival de Veneza, a trama nos apresenta Felice, um garoto de 13 anos que \u00e9 um verdadeiro prod\u00edgio do t\u00eanis, mas que carrega nos&hellip;<\/p>\n","protected":false},"author":6,"featured_media":0,"comment_status":"open","ping_status":"closed","sticky":false,"template":"","format":"standard","meta":{"_bbp_topic_count":0,"_bbp_reply_count":0,"_bbp_total_topic_count":0,"_bbp_total_reply_count":0,"_bbp_voice_count":0,"_bbp_anonymous_reply_count":0,"_bbp_topic_count_hidden":0,"_bbp_reply_count_hidden":0,"_bbp_forum_subforum_count":0,"_exactmetrics_skip_tracking":false,"_jetpack_newsletter_access":"","_jetpack_dont_email_post_to_subs":false,"_jetpack_newsletter_tier_id":0,"_jetpack_memberships_contains_paywalled_content":false,"_jetpack_feature_clip_id":0,"_jetpack_memberships_contains_paid_content":false,"footnotes":"","jetpack_post_was_ever_published":false},"categories":[4,6],"tags":[2255,13175,1884,14526,134,137,9510,196,14527,6655,14528,4753,14529,696],"class_list":["post-11113","post","type-post","status-publish","format-standard","hentry","category-blog","category-criticas-e-ensaios","tag-1filmepordia","tag-javiu","tag-amadurecimento","tag-andrea-di-stefano","tag-comedia","tag-coming-of-age","tag-dora-romano","tag-drama","tag-giovanni-ludeno","tag-giuseppe-tornatore","tag-il-maestro","tag-pierfrancesco-favino","tag-tiziano-menichelli","tag-696","category-4","category-6","description-off"],"yoast_head":"<!-- This site is optimized with the Yoast SEO plugin v28.2 - https:\/\/yoast.com\/product\/yoast-seo-wordpress\/ -->\n<title>243\/2026 IL MAESTRO - GEMInIS UFSCar<\/title>\n<meta name=\"robots\" content=\"index, follow, max-snippet:-1, max-image-preview:large, max-video-preview:-1\" \/>\n<link rel=\"canonical\" href=\"https:\/\/geminisufscar.com.br\/grupo\/2026\/08\/31\/243-2026-il-maestro\/\" \/>\n<meta property=\"og:locale\" content=\"pt_BR\" \/>\n<meta property=\"og:type\" content=\"article\" \/>\n<meta property=\"og:title\" content=\"243\/2026 IL MAESTRO - GEMInIS UFSCar\" \/>\n<meta property=\"og:description\" content=\"O cinema italiano tem um dom especial para capturar a ess\u00eancia das rela\u00e7\u00f5es humanas sob a luz quente do Mediterr\u00e2neo, e Il Maestro \u00e9 um bel\u00edssimo exemplar dessa tradi\u00e7\u00e3o. Lan\u00e7ado no Festival de Veneza, a trama nos apresenta Felice, um garoto de 13 anos que \u00e9 um verdadeiro prod\u00edgio do t\u00eanis, mas que carrega nos&hellip;\" \/>\n<meta property=\"og:url\" content=\"https:\/\/geminisufscar.com.br\/grupo\/2026\/08\/31\/243-2026-il-maestro\/\" \/>\n<meta property=\"og:site_name\" content=\"GEMInIS UFSCar\" \/>\n<meta property=\"article:published_time\" content=\"2026-09-01T01:37:00+00:00\" \/>\n<meta property=\"og:image\" content=\"https:\/\/s.w.org\/images\/core\/emoji\/17.0.2\/72x72\/1f3ac.png\" \/>\n<meta name=\"twitter:card\" content=\"summary_large_image\" \/>\n<meta name=\"twitter:label1\" content=\"Escrito por\" \/>\n\t<meta name=\"twitter:data1\" content=\"\" \/>\n\t<meta name=\"twitter:label2\" content=\"Est. tempo de leitura\" \/>\n\t<meta name=\"twitter:data2\" content=\"2 minutos\" \/>\n<script type=\"application\/ld+json\" class=\"yoast-schema-graph\">{\"@context\":\"https:\\\/\\\/schema.org\",\"@graph\":[{\"@type\":\"Article\",\"@id\":\"https:\\\/\\\/geminisufscar.com.br\\\/grupo\\\/2026\\\/08\\\/31\\\/243-2026-il-maestro\\\/#article\",\"isPartOf\":{\"@id\":\"https:\\\/\\\/geminisufscar.com.br\\\/grupo\\\/2026\\\/08\\\/31\\\/243-2026-il-maestro\\\/\"},\"author\":{\"name\":\"\",\"@id\":\"\"},\"headline\":\"243\\\/2026 IL MAESTRO\",\"datePublished\":\"2026-09-01T01:37:00+00:00\",\"mainEntityOfPage\":{\"@id\":\"https:\\\/\\\/geminisufscar.com.br\\\/grupo\\\/2026\\\/08\\\/31\\\/243-2026-il-maestro\\\/\"},\"wordCount\":327,\"commentCount\":0,\"image\":{\"@id\":\"https:\\\/\\\/geminisufscar.com.br\\\/grupo\\\/2026\\\/08\\\/31\\\/243-2026-il-maestro\\\/#primaryimage\"},\"thumbnailUrl\":\"https:\\\/\\\/s.w.org\\\/images\\\/core\\\/emoji\\\/17.0.2\\\/72x72\\\/1f3ac.png\",\"keywords\":[\"#1filmepordia\",\"#javiu\",\"amadurecimento\",\"Andrea Di Stefano\",\"com\u00e9dia\",\"coming of age\",\"Dora Romano\",\"drama\",\"Giovanni Ludeno\",\"Giuseppe Tornatore\",\"Il Maestro\",\"Pierfrancesco Favino\",\"Tiziano Menichelli\",\"\ud83c\udfac\ud83c\udfac\ud83c\udfac\ud83c\udfac\"],\"articleSection\":[\"Blog\",\"Cr\u00edticas e Ensaios\"],\"inLanguage\":\"pt-BR\",\"potentialAction\":[{\"@type\":\"CommentAction\",\"name\":\"Comment\",\"target\":[\"https:\\\/\\\/geminisufscar.com.br\\\/grupo\\\/2026\\\/08\\\/31\\\/243-2026-il-maestro\\\/#respond\"]}]},{\"@type\":\"WebPage\",\"@id\":\"https:\\\/\\\/geminisufscar.com.br\\\/grupo\\\/2026\\\/08\\\/31\\\/243-2026-il-maestro\\\/\",\"url\":\"https:\\\/\\\/geminisufscar.com.br\\\/grupo\\\/2026\\\/08\\\/31\\\/243-2026-il-maestro\\\/\",\"name\":\"243\\\/2026 IL MAESTRO - GEMInIS UFSCar\",\"isPartOf\":{\"@id\":\"https:\\\/\\\/geminisufscar.com.br\\\/grupo\\\/#website\"},\"primaryImageOfPage\":{\"@id\":\"https:\\\/\\\/geminisufscar.com.br\\\/grupo\\\/2026\\\/08\\\/31\\\/243-2026-il-maestro\\\/#primaryimage\"},\"image\":{\"@id\":\"https:\\\/\\\/geminisufscar.com.br\\\/grupo\\\/2026\\\/08\\\/31\\\/243-2026-il-maestro\\\/#primaryimage\"},\"thumbnailUrl\":\"https:\\\/\\\/s.w.org\\\/images\\\/core\\\/emoji\\\/17.0.2\\\/72x72\\\/1f3ac.png\",\"datePublished\":\"2026-09-01T01:37:00+00:00\",\"author\":{\"@id\":\"\"},\"breadcrumb\":{\"@id\":\"https:\\\/\\\/geminisufscar.com.br\\\/grupo\\\/2026\\\/08\\\/31\\\/243-2026-il-maestro\\\/#breadcrumb\"},\"inLanguage\":\"pt-BR\",\"potentialAction\":[{\"@type\":\"ReadAction\",\"target\":[\"https:\\\/\\\/geminisufscar.com.br\\\/grupo\\\/2026\\\/08\\\/31\\\/243-2026-il-maestro\\\/\"]}]},{\"@type\":\"ImageObject\",\"inLanguage\":\"pt-BR\",\"@id\":\"https:\\\/\\\/geminisufscar.com.br\\\/grupo\\\/2026\\\/08\\\/31\\\/243-2026-il-maestro\\\/#primaryimage\",\"url\":\"https:\\\/\\\/s.w.org\\\/images\\\/core\\\/emoji\\\/17.0.2\\\/72x72\\\/1f3ac.png\",\"contentUrl\":\"https:\\\/\\\/s.w.org\\\/images\\\/core\\\/emoji\\\/17.0.2\\\/72x72\\\/1f3ac.png\"},{\"@type\":\"BreadcrumbList\",\"@id\":\"https:\\\/\\\/geminisufscar.com.br\\\/grupo\\\/2026\\\/08\\\/31\\\/243-2026-il-maestro\\\/#breadcrumb\",\"itemListElement\":[{\"@type\":\"ListItem\",\"position\":1,\"name\":\"In\u00edcio\",\"item\":\"https:\\\/\\\/geminisufscar.com.br\\\/grupo\\\/\"},{\"@type\":\"ListItem\",\"position\":2,\"name\":\"243\\\/2026 IL MAESTRO\"}]},{\"@type\":\"WebSite\",\"@id\":\"https:\\\/\\\/geminisufscar.com.br\\\/grupo\\\/#website\",\"url\":\"https:\\\/\\\/geminisufscar.com.br\\\/grupo\\\/\",\"name\":\"GEMInIS UFSCar\",\"description\":\"Grupo de Estudos sobre M\u00eddias Interativas em Imagem e Som\",\"potentialAction\":[{\"@type\":\"SearchAction\",\"target\":{\"@type\":\"EntryPoint\",\"urlTemplate\":\"https:\\\/\\\/geminisufscar.com.br\\\/grupo\\\/?s={search_term_string}\"},\"query-input\":{\"@type\":\"PropertyValueSpecification\",\"valueRequired\":true,\"valueName\":\"search_term_string\"}}],\"inLanguage\":\"pt-BR\"},{\"@type\":\"Person\",\"@id\":\"\",\"url\":\"http:\\\/\\\/geminisufscar.com.br\\\/grupo\\\/author\\\/\"}]}<\/script>\n<!-- \/ Yoast SEO plugin. -->","yoast_head_json":{"title":"243\/2026 IL MAESTRO - GEMInIS UFSCar","robots":{"index":"index","follow":"follow","max-snippet":"max-snippet:-1","max-image-preview":"max-image-preview:large","max-video-preview":"max-video-preview:-1"},"canonical":"https:\/\/geminisufscar.com.br\/grupo\/2026\/08\/31\/243-2026-il-maestro\/","og_locale":"pt_BR","og_type":"article","og_title":"243\/2026 IL MAESTRO - GEMInIS UFSCar","og_description":"O cinema italiano tem um dom especial para capturar a ess\u00eancia das rela\u00e7\u00f5es humanas sob a luz quente do Mediterr\u00e2neo, e Il Maestro \u00e9 um bel\u00edssimo exemplar dessa tradi\u00e7\u00e3o. Lan\u00e7ado no Festival de Veneza, a trama nos apresenta Felice, um garoto de 13 anos que \u00e9 um verdadeiro prod\u00edgio do t\u00eanis, mas que carrega nos&hellip;","og_url":"https:\/\/geminisufscar.com.br\/grupo\/2026\/08\/31\/243-2026-il-maestro\/","og_site_name":"GEMInIS UFSCar","article_published_time":"2026-09-01T01:37:00+00:00","og_image":[{"url":"https:\/\/s.w.org\/images\/core\/emoji\/17.0.2\/72x72\/1f3ac.png","type":"","width":"","height":""}],"twitter_card":"summary_large_image","twitter_misc":{"Escrito por":"","Est. tempo de leitura":"2 minutos"},"schema":{"@context":"https:\/\/schema.org","@graph":[{"@type":"Article","@id":"https:\/\/geminisufscar.com.br\/grupo\/2026\/08\/31\/243-2026-il-maestro\/#article","isPartOf":{"@id":"https:\/\/geminisufscar.com.br\/grupo\/2026\/08\/31\/243-2026-il-maestro\/"},"author":{"name":"","@id":""},"headline":"243\/2026 IL MAESTRO","datePublished":"2026-09-01T01:37:00+00:00","mainEntityOfPage":{"@id":"https:\/\/geminisufscar.com.br\/grupo\/2026\/08\/31\/243-2026-il-maestro\/"},"wordCount":327,"commentCount":0,"image":{"@id":"https:\/\/geminisufscar.com.br\/grupo\/2026\/08\/31\/243-2026-il-maestro\/#primaryimage"},"thumbnailUrl":"https:\/\/s.w.org\/images\/core\/emoji\/17.0.2\/72x72\/1f3ac.png","keywords":["#1filmepordia","#javiu","amadurecimento","Andrea Di Stefano","com\u00e9dia","coming of age","Dora Romano","drama","Giovanni Ludeno","Giuseppe Tornatore","Il Maestro","Pierfrancesco Favino","Tiziano Menichelli","\ud83c\udfac\ud83c\udfac\ud83c\udfac\ud83c\udfac"],"articleSection":["Blog","Cr\u00edticas e Ensaios"],"inLanguage":"pt-BR","potentialAction":[{"@type":"CommentAction","name":"Comment","target":["https:\/\/geminisufscar.com.br\/grupo\/2026\/08\/31\/243-2026-il-maestro\/#respond"]}]},{"@type":"WebPage","@id":"https:\/\/geminisufscar.com.br\/grupo\/2026\/08\/31\/243-2026-il-maestro\/","url":"https:\/\/geminisufscar.com.br\/grupo\/2026\/08\/31\/243-2026-il-maestro\/","name":"243\/2026 IL MAESTRO - GEMInIS UFSCar","isPartOf":{"@id":"https:\/\/geminisufscar.com.br\/grupo\/#website"},"primaryImageOfPage":{"@id":"https:\/\/geminisufscar.com.br\/grupo\/2026\/08\/31\/243-2026-il-maestro\/#primaryimage"},"image":{"@id":"https:\/\/geminisufscar.com.br\/grupo\/2026\/08\/31\/243-2026-il-maestro\/#primaryimage"},"thumbnailUrl":"https:\/\/s.w.org\/images\/core\/emoji\/17.0.2\/72x72\/1f3ac.png","datePublished":"2026-09-01T01:37:00+00:00","author":{"@id":""},"breadcrumb":{"@id":"https:\/\/geminisufscar.com.br\/grupo\/2026\/08\/31\/243-2026-il-maestro\/#breadcrumb"},"inLanguage":"pt-BR","potentialAction":[{"@type":"ReadAction","target":["https:\/\/geminisufscar.com.br\/grupo\/2026\/08\/31\/243-2026-il-maestro\/"]}]},{"@type":"ImageObject","inLanguage":"pt-BR","@id":"https:\/\/geminisufscar.com.br\/grupo\/2026\/08\/31\/243-2026-il-maestro\/#primaryimage","url":"https:\/\/s.w.org\/images\/core\/emoji\/17.0.2\/72x72\/1f3ac.png","contentUrl":"https:\/\/s.w.org\/images\/core\/emoji\/17.0.2\/72x72\/1f3ac.png"},{"@type":"BreadcrumbList","@id":"https:\/\/geminisufscar.com.br\/grupo\/2026\/08\/31\/243-2026-il-maestro\/#breadcrumb","itemListElement":[{"@type":"ListItem","position":1,"name":"In\u00edcio","item":"https:\/\/geminisufscar.com.br\/grupo\/"},{"@type":"ListItem","position":2,"name":"243\/2026 IL MAESTRO"}]},{"@type":"WebSite","@id":"https:\/\/geminisufscar.com.br\/grupo\/#website","url":"https:\/\/geminisufscar.com.br\/grupo\/","name":"GEMInIS UFSCar","description":"Grupo de Estudos sobre M\u00eddias Interativas em Imagem e Som","potentialAction":[{"@type":"SearchAction","target":{"@type":"EntryPoint","urlTemplate":"https:\/\/geminisufscar.com.br\/grupo\/?s={search_term_string}"},"query-input":{"@type":"PropertyValueSpecification","valueRequired":true,"valueName":"search_term_string"}}],"inLanguage":"pt-BR"},{"@type":"Person","@id":"","url":"http:\/\/geminisufscar.com.br\/grupo\/author\/"}]}},"jetpack_sharing_enabled":true,"jetpack_featured_media_url":"","_links":{"self":[{"href":"http:\/\/geminisufscar.com.br\/grupo\/wp-json\/wp\/v2\/posts\/11113","targetHints":{"allow":["GET"]}}],"collection":[{"href":"http:\/\/geminisufscar.com.br\/grupo\/wp-json\/wp\/v2\/posts"}],"about":[{"href":"http:\/\/geminisufscar.com.br\/grupo\/wp-json\/wp\/v2\/types\/post"}],"author":[{"embeddable":true,"href":"http:\/\/geminisufscar.com.br\/grupo\/wp-json\/wp\/v2\/users\/6"}],"replies":[{"embeddable":true,"href":"http:\/\/geminisufscar.com.br\/grupo\/wp-json\/wp\/v2\/comments?post=11113"}],"version-history":[{"count":0,"href":"http:\/\/geminisufscar.com.br\/grupo\/wp-json\/wp\/v2\/posts\/11113\/revisions"}],"wp:attachment":[{"href":"http:\/\/geminisufscar.com.br\/grupo\/wp-json\/wp\/v2\/media?parent=11113"}],"wp:term":[{"taxonomy":"category","embeddable":true,"href":"http:\/\/geminisufscar.com.br\/grupo\/wp-json\/wp\/v2\/categories?post=11113"},{"taxonomy":"post_tag","embeddable":true,"href":"http:\/\/geminisufscar.com.br\/grupo\/wp-json\/wp\/v2\/tags?post=11113"}],"curies":[{"name":"wp","href":"https:\/\/api.w.org\/{rel}","templated":true}]}}